{"id":839,"date":"2024-09-28T12:48:00","date_gmt":"2024-09-28T15:48:00","guid":{"rendered":"https:\/\/noticiasrecentes.online\/?p=839"},"modified":"2024-09-25T15:49:46","modified_gmt":"2024-09-25T18:49:46","slug":"carona-em-jatinho-milionario-de-gusttavo-lima-levantou-suspeita-em-operacao-conheca-aeronave","status":"publish","type":"post","link":"https:\/\/noticiasrecentes.online\/?p=839","title":{"rendered":"Carona em jatinho milion\u00e1rio de Gusttavo Lima levantou suspeita em opera\u00e7\u00e3o: conhe\u00e7a aeronave"},"content":{"rendered":"\n<p>Um dos argumentos da Justi\u00e7a de Pernambuco para\u00a0<a class=\"\" href=\"https:\/\/extra.globo.com\/famosos\/noticia\/2024\/09\/justica-de-pernambuco-decreta-prisao-de-gusttavo-lima.ghtml\">decretar a pris\u00e3o de Gusttavo Lima<\/a>\u00a0na \u00faltima segunda-feira, 23, foi uma carona que o cantor deu ao casal Jos\u00e9 Andr\u00e9 e Aislla que viajou de Goi\u00e2nia para a Gr\u00e9cia a bordo de seu jatinho. A decis\u00e3o foi tomada em meio \u00e0s<a class=\"\" href=\"https:\/\/extra.globo.com\/famosos\/noticia\/2024\/09\/com-prisao-decretada-gusttavo-lima-tem-shows-marcados-ate-o-fim-do-ano.ghtml\">\u00a0investiga\u00e7\u00f5es da Opera\u00e7\u00e3o Integration<\/a>, que investiga um suposto esquema de lavagem de dinheiro e jogos ilegais, e pela qual tamb\u00e9m foi presa a influenciadora digital Deolane Bezerra, no dia 4 de setembro.<\/p>\n\n\n\n<p>O jatinho em quest\u00e3o \u00e9 o Gulfstream G550, um dos modelos mais populares entre empres\u00e1rios e artistas, e custa cerca de R$ 70 milh\u00f5es. Uma das caracter\u00edsticas da aeronave \u00e9 a presen\u00e7a de c\u00e2meras com sensor infravermelho para auxiliar os pilotos durante o pouso, permitindo uma maior precis\u00e3o ao se aproximarem da pista.<\/p>\n\n\n\n<p>Outra caracter\u00edstica que se destaca na aeronave \u00e9 a experi\u00eancia de voo luxuosa e funcional que proporciona aos seus 16 passageiros. O jatinho tem cozinha equiparada com micro-ondas, cafeteira e forno. Na cabine da frente, ele possui quatro poltronas articuladas com descanso para as pernas reclin\u00e1veis. Na traseira, h\u00e1 uma poltrona em oposi\u00e7\u00e3o a um div\u00e3 para quatro pessoas.<\/p>\n","protected":false},"excerpt":{"rendered":"<p>Um dos argumentos da Justi\u00e7a de Pernambuco para\u00a0decretar a pris\u00e3o de Gusttavo Lima\u00a0na \u00faltima segunda-feira, 23, foi uma carona que<\/p>\n","protected":false},"author":1,"featured_media":840,"comment_status":"open","ping_status":"open","sticky":true,"template":"","format":"standard","meta":{"colormag_page_container_layout":"default_layout","colormag_page_sidebar_layout":"default_layout","footnotes":""},"categories":[1],"tags":[],"class_list":["post-839","post","type-post","status-publish","format-standard","has-post-thumbnail","hentry","category-blog"],"aioseo_notices":[],"_links":{"self":[{"href":"https:\/\/noticiasrecentes.online\/index.php?rest_route=\/wp\/v2\/posts\/839","targetHints":{"allow":["GET"]}}],"collection":[{"href":"https:\/\/noticiasrecentes.online\/index.php?rest_route=\/wp\/v2\/posts"}],"about":[{"href":"https:\/\/noticiasrecentes.online\/index.php?rest_route=\/wp\/v2\/types\/post"}],"author":[{"embeddable":true,"href":"https:\/\/noticiasrecentes.online\/index.php?rest_route=\/wp\/v2\/users\/1"}],"replies":[{"embeddable":true,"href":"https:\/\/noticiasrecentes.online\/index.php?rest_route=%2Fwp%2Fv2%2Fcomments&post=839"}],"version-history":[{"count":0,"href":"https:\/\/noticiasrecentes.online\/index.php?rest_route=\/wp\/v2\/posts\/839\/revisions"}],"wp:featuredmedia":[{"embeddable":true,"href":"https:\/\/noticiasrecentes.online\/index.php?rest_route=\/wp\/v2\/media\/840"}],"wp:attachment":[{"href":"https:\/\/noticiasrecentes.online\/index.php?rest_route=%2Fwp%2Fv2%2Fmedia&parent=839"}],"wp:term":[{"taxonomy":"category","embeddable":true,"href":"https:\/\/noticiasrecentes.online\/index.php?rest_route=%2Fwp%2Fv2%2Fcategories&post=839"},{"taxonomy":"post_tag","embeddable":true,"href":"https:\/\/noticiasrecentes.online\/index.php?rest_route=%2Fwp%2Fv2%2Ftags&post=839"}],"curies":[{"name":"wp","href":"https:\/\/api.w.org\/{rel}","templated":true}]}}