{"id":780,"date":"2024-08-14T10:32:00","date_gmt":"2024-08-14T13:32:00","guid":{"rendered":"https:\/\/noticiasrecentes.online\/?p=780"},"modified":"2024-08-12T15:32:30","modified_gmt":"2024-08-12T18:32:30","slug":"queda-de-aviao-da-voepass-fab-transcreve-audios-e-preve-1o-relatorio-do-acidente-em-vinhedo-em-um-mes","status":"publish","type":"post","link":"https:\/\/noticiasrecentes.online\/?p=780","title":{"rendered":"Queda de avi\u00e3o da Voepass: FAB transcreve \u00e1udios e prev\u00ea 1\u00ba relat\u00f3rio do acidente em Vinhedo em um m\u00eas&nbsp;"},"content":{"rendered":"\n<p class=\"p1\">O Centro de Investiga\u00e7\u00e3o e Preven\u00e7\u00e3o de Acidentes Aeron\u00e1uticos (Cenipa), \u00f3rg\u00e3o ligado \u00e0 For\u00e7a A\u00e9rea Brasileira (FAB), j\u00e1 come\u00e7ou a extrair e transcrever os \u00e1udios e dados das caixas-pretas do ATR-72-500 da Voepass que caiu nesta sexta-feira (9), em Vinhedo, no interior de S\u00e3o Paulo.<\/p>\n\n\n\n<p class=\"p1\">O gravador de voz da cabine do avi\u00e3o (Cockpit Voice Recorder) e o gravador de dados de voo (Flight Data Recorder) foram encaminhados ao Laborat\u00f3rio de Leitura e An\u00e1lise de Dados de Gravadores de Voo em Bras\u00edlia na manh\u00e3 de s\u00e1bado (10). Segundo o Cenipa, os trabalhos de extra\u00e7\u00e3o dos dados v\u00e3o seguir de forma ininterrupta.<\/p>\n\n\n\n<p class=\"p1\">A Voepass diz que a aeronave estava em boa condi\u00e7\u00e3o e havia passado por manuten\u00e7\u00e3o. O modelo \u00e9 considerado seguro.<\/p>\n\n\n\n<p class=\"p1\">A an\u00e1lise das caixas-pretas deve esclarecer principalmente a din\u00e2mica dos \u00faltimos minutos do voo 2283. Tamb\u00e9m pode indicar se teria havido, ou n\u00e3o, alguma comunica\u00e7\u00e3o de emerg\u00eancia por parte da aeronave da Voepass. O Cenipa, afirmou que n\u00e3o foi registrado informe, entre os \u00f3rg\u00e3os de controle, sobre problemas durante o voo.<\/p>\n","protected":false},"excerpt":{"rendered":"<p>O Centro de Investiga\u00e7\u00e3o e Preven\u00e7\u00e3o de Acidentes Aeron\u00e1uticos (Cenipa), \u00f3rg\u00e3o ligado \u00e0 For\u00e7a A\u00e9rea Brasileira (FAB), j\u00e1 come\u00e7ou a<\/p>\n","protected":false},"author":1,"featured_media":779,"comment_status":"closed","ping_status":"open","sticky":true,"template":"","format":"standard","meta":{"colormag_page_container_layout":"default_layout","colormag_page_sidebar_layout":"default_layout","footnotes":""},"categories":[1],"tags":[],"class_list":["post-780","post","type-post","status-publish","format-standard","has-post-thumbnail","hentry","category-blog"],"aioseo_notices":[],"_links":{"self":[{"href":"https:\/\/noticiasrecentes.online\/index.php?rest_route=\/wp\/v2\/posts\/780","targetHints":{"allow":["GET"]}}],"collection":[{"href":"https:\/\/noticiasrecentes.online\/index.php?rest_route=\/wp\/v2\/posts"}],"about":[{"href":"https:\/\/noticiasrecentes.online\/index.php?rest_route=\/wp\/v2\/types\/post"}],"author":[{"embeddable":true,"href":"https:\/\/noticiasrecentes.online\/index.php?rest_route=\/wp\/v2\/users\/1"}],"replies":[{"embeddable":true,"href":"https:\/\/noticiasrecentes.online\/index.php?rest_route=%2Fwp%2Fv2%2Fcomments&post=780"}],"version-history":[{"count":0,"href":"https:\/\/noticiasrecentes.online\/index.php?rest_route=\/wp\/v2\/posts\/780\/revisions"}],"wp:featuredmedia":[{"embeddable":true,"href":"https:\/\/noticiasrecentes.online\/index.php?rest_route=\/wp\/v2\/media\/779"}],"wp:attachment":[{"href":"https:\/\/noticiasrecentes.online\/index.php?rest_route=%2Fwp%2Fv2%2Fmedia&parent=780"}],"wp:term":[{"taxonomy":"category","embeddable":true,"href":"https:\/\/noticiasrecentes.online\/index.php?rest_route=%2Fwp%2Fv2%2Fcategories&post=780"},{"taxonomy":"post_tag","embeddable":true,"href":"https:\/\/noticiasrecentes.online\/index.php?rest_route=%2Fwp%2Fv2%2Ftags&post=780"}],"curies":[{"name":"wp","href":"https:\/\/api.w.org\/{rel}","templated":true}]}}