{"id":1245,"date":"2025-08-27T15:02:00","date_gmt":"2025-08-27T18:02:00","guid":{"rendered":"https:\/\/noticiasrecentes.online\/?p=1245"},"modified":"2025-08-26T15:13:58","modified_gmt":"2025-08-26T18:13:58","slug":"quem-e-karina-milei-irma-de-presidente-argentino-envolvida-em-escandalo-de-corrupcao","status":"publish","type":"post","link":"https:\/\/noticiasrecentes.online\/?p=1245","title":{"rendered":"Quem \u00e9 Karina Milei, irm\u00e3 de presidente argentino envolvida em esc\u00e2ndalo de corrup\u00e7\u00e3o"},"content":{"rendered":"\n<p>Karina Milei \u00e9 secret\u00e1ria-geral da Presid\u00eancia da&nbsp;<a class=\"\" href=\"https:\/\/g1.globo.com\/tudo-sobre\/argentina\/\">Argentina<\/a>&nbsp;e irm\u00e3 mais nova do presidente&nbsp;<a class=\"\" href=\"https:\/\/g1.globo.com\/tudo-sobre\/javier-milei\/\">Javier Milei<\/a>. Considerada o bra\u00e7o direito do chefe do Executivo, ela agora \u00e9 alvo de acusa\u00e7\u00f5es de corrup\u00e7\u00e3o que envolvem suposto esquema de cobran\u00e7a de propina na compra de&nbsp;<a class=\"\" href=\"https:\/\/g1.globo.com\/mundo\/noticia\/2025\/08\/26\/audio-vazado-denuncia-de-corrupcao-e-esquema-de-propina-entenda-acusacoes-contra-irma-de-milei.ghtml\">medicamentos para a rede p\u00fablica.<\/a><\/p>\n\n\n\n<p>A den\u00fancia surgiu ap\u00f3s a divulga\u00e7\u00e3o de \u00e1udios de Diego Spagnuolo, ex-chefe da Ag\u00eancia Nacional para a Defici\u00eancia (Andis) e ex-aliado de Milei. Ele alega ter provas da participa\u00e7\u00e3o de Karina e de Eduardo \u201cLule\u201d Menem, outro aliado pr\u00f3ximo do presidente. Segundo ele, at\u00e9 8% do faturamento de ind\u00fastrias farmac\u00eauticas eram desviados para garantir contratos com o governo.<\/p>\n\n\n\n<h2 class=\"wp-block-heading\">\u26a0\ufe0f Caso pode impactar Milei?<\/h2>\n\n\n\n<ul class=\"wp-block-list\">\n<li>O caso tem potencial de impactar aliados de Milei nas elei\u00e7\u00f5es legislativas de outubro e na disputa para o governo da prov\u00edncia da capital, Buenos Aires, que ocorre daqui a duas semanas.<\/li>\n\n\n\n<li>O Parlamento estuda abrir uma CPI para investigar as den\u00fancias contra a irm\u00e3 de Milei, o que aumentaria o desgaste pol\u00edtico\u00a0<strong>(saiba mais no v\u00eddeo abaixo)<\/strong>.<\/li>\n\n\n\n<li>Caso Karina seja considerada culpada, o presidente argentino perde potencialmente seu bra\u00e7o direito e tamb\u00e9m arranha o discurso anticorrup\u00e7\u00e3o que o levou ao poder,\u00a0<a class=\"\" href=\"https:\/\/g1.globo.com\/mundo\/blog\/sandra-cohen\/post\/2025\/08\/25\/derrotas-no-congresso-e-escandalos-expoem-pesadelo-de-milei-antes-de-importantes-eleicoes-na-argentina.ghtml\">avaliou a colunista do g1 Sandra Cohen.<\/a><\/li>\n<\/ul>\n","protected":false},"excerpt":{"rendered":"<p>Karina Milei \u00e9 secret\u00e1ria-geral da Presid\u00eancia da&nbsp;Argentina&nbsp;e irm\u00e3 mais nova do presidente&nbsp;Javier Milei. Considerada o bra\u00e7o direito do chefe do<\/p>\n","protected":false},"author":1,"featured_media":1246,"comment_status":"open","ping_status":"open","sticky":false,"template":"","format":"standard","meta":{"colormag_page_container_layout":"default_layout","colormag_page_sidebar_layout":"default_layout","footnotes":""},"categories":[1],"tags":[],"class_list":["post-1245","post","type-post","status-publish","format-standard","has-post-thumbnail","hentry","category-blog"],"aioseo_notices":[],"_links":{"self":[{"href":"https:\/\/noticiasrecentes.online\/index.php?rest_route=\/wp\/v2\/posts\/1245","targetHints":{"allow":["GET"]}}],"collection":[{"href":"https:\/\/noticiasrecentes.online\/index.php?rest_route=\/wp\/v2\/posts"}],"about":[{"href":"https:\/\/noticiasrecentes.online\/index.php?rest_route=\/wp\/v2\/types\/post"}],"author":[{"embeddable":true,"href":"https:\/\/noticiasrecentes.online\/index.php?rest_route=\/wp\/v2\/users\/1"}],"replies":[{"embeddable":true,"href":"https:\/\/noticiasrecentes.online\/index.php?rest_route=%2Fwp%2Fv2%2Fcomments&post=1245"}],"version-history":[{"count":1,"href":"https:\/\/noticiasrecentes.online\/index.php?rest_route=\/wp\/v2\/posts\/1245\/revisions"}],"predecessor-version":[{"id":1247,"href":"https:\/\/noticiasrecentes.online\/index.php?rest_route=\/wp\/v2\/posts\/1245\/revisions\/1247"}],"wp:featuredmedia":[{"embeddable":true,"href":"https:\/\/noticiasrecentes.online\/index.php?rest_route=\/wp\/v2\/media\/1246"}],"wp:attachment":[{"href":"https:\/\/noticiasrecentes.online\/index.php?rest_route=%2Fwp%2Fv2%2Fmedia&parent=1245"}],"wp:term":[{"taxonomy":"category","embeddable":true,"href":"https:\/\/noticiasrecentes.online\/index.php?rest_route=%2Fwp%2Fv2%2Fcategories&post=1245"},{"taxonomy":"post_tag","embeddable":true,"href":"https:\/\/noticiasrecentes.online\/index.php?rest_route=%2Fwp%2Fv2%2Ftags&post=1245"}],"curies":[{"name":"wp","href":"https:\/\/api.w.org\/{rel}","templated":true}]}}