{"id":1166,"date":"2025-06-28T08:08:00","date_gmt":"2025-06-28T11:08:00","guid":{"rendered":"https:\/\/noticiasrecentes.online\/?p=1166"},"modified":"2025-06-26T20:11:21","modified_gmt":"2025-06-26T23:11:21","slug":"andressa-urach-relata-dor-e-medo-de-ficar-cega-apos-cirurgia-para-mudar-cor-dos-olhos-veja-riscos-do-procedimento","status":"publish","type":"post","link":"https:\/\/noticiasrecentes.online\/?p=1166","title":{"rendered":"Andressa Urach relata dor e medo de ficar cega ap\u00f3s cirurgia para mudar cor dos olhos; veja riscos do procedimento"},"content":{"rendered":"\n<p>Tr\u00eas dias ap\u00f3s realizar uma cirurgia para mudar a cor dos olhos, a modelo e influenciadora Andressa Urach fez um desabafo em suas redes sociais, relatando as consequ\u00eancias do procedimento.<\/p>\n\n\n\n<blockquote class=\"wp-block-quote is-layout-flow wp-block-quote-is-layout-flow\">\n<p>&#8220;T\u00e1 doendo muito, lacrimeja muito e mal consigo enxergar. [&#8230;] T\u00f4 muito arrependida. E medo de ficar cega!&#8221;, escreveu.<\/p>\n<\/blockquote>\n\n\n\n<p>A opera\u00e7\u00e3o foi realizada na Fran\u00e7a, j\u00e1 que<strong>&nbsp;no Brasil \u00e9 proibida para fins est\u00e9ticos<\/strong>.<\/p>\n\n\n\n<p>\u26a0\ufe0fAl\u00e9m de n\u00e3o ser recomendado, o&nbsp;<strong>procedimento \u00e9 irrevers\u00edvel e, em alguns casos, pode levar \u00e0 cegueira<\/strong>.<\/p>\n\n\n\n<p>De acordo com os oftalmologistas, a mudan\u00e7a de cor dos olhos em pessoas com vis\u00e3o saud\u00e1vel&nbsp;<strong>pode trazer diversos riscos<\/strong>, entre eles:<\/p>\n\n\n\n<ul class=\"wp-block-list\">\n<li>Infec\u00e7\u00f5es nos olhos<\/li>\n\n\n\n<li>Restri\u00e7\u00e3o do campo visual do paciente<\/li>\n\n\n\n<li>Desenvolvimento de fotofobia<\/li>\n<\/ul>\n\n\n\n<p><\/p>\n","protected":false},"excerpt":{"rendered":"<p>Tr\u00eas dias ap\u00f3s realizar uma cirurgia para mudar a cor dos olhos, a modelo e influenciadora Andressa Urach fez um<\/p>\n","protected":false},"author":1,"featured_media":1167,"comment_status":"open","ping_status":"open","sticky":false,"template":"","format":"standard","meta":{"colormag_page_container_layout":"default_layout","colormag_page_sidebar_layout":"default_layout","footnotes":""},"categories":[1],"tags":[],"class_list":["post-1166","post","type-post","status-publish","format-standard","has-post-thumbnail","hentry","category-blog"],"aioseo_notices":[],"_links":{"self":[{"href":"https:\/\/noticiasrecentes.online\/index.php?rest_route=\/wp\/v2\/posts\/1166","targetHints":{"allow":["GET"]}}],"collection":[{"href":"https:\/\/noticiasrecentes.online\/index.php?rest_route=\/wp\/v2\/posts"}],"about":[{"href":"https:\/\/noticiasrecentes.online\/index.php?rest_route=\/wp\/v2\/types\/post"}],"author":[{"embeddable":true,"href":"https:\/\/noticiasrecentes.online\/index.php?rest_route=\/wp\/v2\/users\/1"}],"replies":[{"embeddable":true,"href":"https:\/\/noticiasrecentes.online\/index.php?rest_route=%2Fwp%2Fv2%2Fcomments&post=1166"}],"version-history":[{"count":1,"href":"https:\/\/noticiasrecentes.online\/index.php?rest_route=\/wp\/v2\/posts\/1166\/revisions"}],"predecessor-version":[{"id":1168,"href":"https:\/\/noticiasrecentes.online\/index.php?rest_route=\/wp\/v2\/posts\/1166\/revisions\/1168"}],"wp:featuredmedia":[{"embeddable":true,"href":"https:\/\/noticiasrecentes.online\/index.php?rest_route=\/wp\/v2\/media\/1167"}],"wp:attachment":[{"href":"https:\/\/noticiasrecentes.online\/index.php?rest_route=%2Fwp%2Fv2%2Fmedia&parent=1166"}],"wp:term":[{"taxonomy":"category","embeddable":true,"href":"https:\/\/noticiasrecentes.online\/index.php?rest_route=%2Fwp%2Fv2%2Fcategories&post=1166"},{"taxonomy":"post_tag","embeddable":true,"href":"https:\/\/noticiasrecentes.online\/index.php?rest_route=%2Fwp%2Fv2%2Ftags&post=1166"}],"curies":[{"name":"wp","href":"https:\/\/api.w.org\/{rel}","templated":true}]}}