{"id":1163,"date":"2025-06-27T08:04:00","date_gmt":"2025-06-27T11:04:00","guid":{"rendered":"https:\/\/noticiasrecentes.online\/?p=1163"},"modified":"2025-06-26T20:07:05","modified_gmt":"2025-06-26T23:07:05","slug":"brasil-corre-o-risco-de-apagao-caso-governo-e-congresso-nao-aprovem-ajustes-de-despesas-apontam-especialistas","status":"publish","type":"post","link":"https:\/\/noticiasrecentes.online\/?p=1163","title":{"rendered":"Brasil corre o risco de &#8216;apag\u00e3o&#8217;, caso governo e Congresso n\u00e3o aprovem ajustes de despesas, apontam especialistas"},"content":{"rendered":"\n<p>Ao mesmo tempo em que mostra resist\u00eancia a cortar gastos, Congresso Nacional tamb\u00e9m pode onerar mais o consumidor ao elevar o custo da conta de luz. Pelos c\u00e1lculos de entidades, a queda dos vetos do presidente Lula vai custar para os consumidores R$ 195 bi at\u00e9 2050.<\/p>\n\n\n\n<p>A derrubada de decretos do presidente\u00a0Luiz In\u00e1cio Lula da Silva\u00a0(PT) que aumentavam o IOF, imposto sobre empr\u00e9stimos e opera\u00e7\u00f5es de c\u00e2mbio,\u00a0pelo Congresso Nacional nesta quarta-feira (25),\u00a0<strong>escancara a dificuldade do governo de emplacar um equil\u00edbrio das contas p\u00fablicas por meio da alta de tributos.<\/strong><\/p>\n\n\n\n<p>\ud83d\udd0e Analistas ouvidos pelo&nbsp;<strong>g1,&nbsp;<\/strong>contudo, s\u00e3o un\u00e2nimes em dizer que o&nbsp;<strong>governo precisa reformar despesas obrigat\u00f3rias<\/strong><strong>&nbsp;<\/strong>para tentar manter previsibilidade sobre as contas p\u00fablicas nos pr\u00f3ximos anos e evitar um &#8220;apag\u00e3o&#8221;.<\/p>\n\n\n\n<p>\ud83d\udd0eEssa mesma estrat\u00e9gia poderia ajudar a conter uma disparada da d\u00edvida p\u00fablica \u2014 que teria o efeito de aumentar ainda mais a taxa de juros cobrada pelos bancos nas opera\u00e7\u00f5es de cr\u00e9dito.<\/p>\n\n\n\n<p>As propostas de cortes de gastos envolvem:<\/p>\n\n\n\n<ul class=\"wp-block-list\">\n<li>vincula\u00e7\u00f5es de gastos previdenci\u00e1rios e do Benef\u00edcio de Presta\u00e7\u00e3o Continuada (BPC) ao sal\u00e1rio-m\u00ednimo;<\/li>\n\n\n\n<li>vincula\u00e7\u00e3o de sa\u00fade e educa\u00e7\u00e3o ao crescimento das receitas;<\/li>\n\n\n\n<li>benef\u00edcios fiscais a segmentos e setores da sociedade;<\/li>\n\n\n\n<li>emendas parlamentares e<\/li>\n\n\n\n<li>aportes a empresas estatais.<\/li>\n<\/ul>\n\n\n\n<p>Como antecipou o<strong>\u00a0blog\u00a0<\/strong>do jornalista Valdo Cruz, o relat\u00f3rio da Institui\u00e7\u00e3o Fiscal Independente (IFI), do Senado, divulgado nesta ter\u00e7a-feira (24), tamb\u00e9m mostrou que\u00a0s\u00f3 reformas estruturais salvam o Brasil de enfrentar uma grave crise fiscal\u00a0em 2027 e um 2026 no m\u00ednimo desafiador, cumprindo a meta fiscal deste ano batendo na trave.<\/p>\n","protected":false},"excerpt":{"rendered":"<p>Ao mesmo tempo em que mostra resist\u00eancia a cortar gastos, Congresso Nacional tamb\u00e9m pode onerar mais o consumidor ao elevar<\/p>\n","protected":false},"author":1,"featured_media":1164,"comment_status":"open","ping_status":"open","sticky":false,"template":"","format":"standard","meta":{"colormag_page_container_layout":"default_layout","colormag_page_sidebar_layout":"default_layout","footnotes":""},"categories":[1],"tags":[],"class_list":["post-1163","post","type-post","status-publish","format-standard","has-post-thumbnail","hentry","category-blog"],"aioseo_notices":[],"_links":{"self":[{"href":"https:\/\/noticiasrecentes.online\/index.php?rest_route=\/wp\/v2\/posts\/1163","targetHints":{"allow":["GET"]}}],"collection":[{"href":"https:\/\/noticiasrecentes.online\/index.php?rest_route=\/wp\/v2\/posts"}],"about":[{"href":"https:\/\/noticiasrecentes.online\/index.php?rest_route=\/wp\/v2\/types\/post"}],"author":[{"embeddable":true,"href":"https:\/\/noticiasrecentes.online\/index.php?rest_route=\/wp\/v2\/users\/1"}],"replies":[{"embeddable":true,"href":"https:\/\/noticiasrecentes.online\/index.php?rest_route=%2Fwp%2Fv2%2Fcomments&post=1163"}],"version-history":[{"count":1,"href":"https:\/\/noticiasrecentes.online\/index.php?rest_route=\/wp\/v2\/posts\/1163\/revisions"}],"predecessor-version":[{"id":1165,"href":"https:\/\/noticiasrecentes.online\/index.php?rest_route=\/wp\/v2\/posts\/1163\/revisions\/1165"}],"wp:featuredmedia":[{"embeddable":true,"href":"https:\/\/noticiasrecentes.online\/index.php?rest_route=\/wp\/v2\/media\/1164"}],"wp:attachment":[{"href":"https:\/\/noticiasrecentes.online\/index.php?rest_route=%2Fwp%2Fv2%2Fmedia&parent=1163"}],"wp:term":[{"taxonomy":"category","embeddable":true,"href":"https:\/\/noticiasrecentes.online\/index.php?rest_route=%2Fwp%2Fv2%2Fcategories&post=1163"},{"taxonomy":"post_tag","embeddable":true,"href":"https:\/\/noticiasrecentes.online\/index.php?rest_route=%2Fwp%2Fv2%2Ftags&post=1163"}],"curies":[{"name":"wp","href":"https:\/\/api.w.org\/{rel}","templated":true}]}}