{"id":1150,"date":"2025-06-24T16:40:00","date_gmt":"2025-06-24T19:40:00","guid":{"rendered":"https:\/\/noticiasrecentes.online\/?p=1150"},"modified":"2025-06-24T16:40:01","modified_gmt":"2025-06-24T19:40:01","slug":"historica-e-grande-ira-e-israel-disputam-narrativa-da-vitoria-apos-12-dias-de-confronto","status":"publish","type":"post","link":"https:\/\/noticiasrecentes.online\/?p=1150","title":{"rendered":"&#8216;Hist\u00f3rica&#8217; e &#8216;grande&#8217;: Ir\u00e3 e Israel disputam narrativa da vit\u00f3ria ap\u00f3s 12 dias de confronto"},"content":{"rendered":"\n<p>Cessar-fogo come\u00e7ou na madrugada desta ter\u00e7a-feira (12). Em comunicados divulgados \u00e0 na\u00e7\u00e3o, lideran\u00e7as dos dois pa\u00edses tentam demonstrar for\u00e7a.<\/p>\n\n\n\n<p>Tanto\u00a0Ir\u00e3\u00a0quanto\u00a0Israel\u00a0declararam vit\u00f3ria no conflito que durou 12 dias, em uma tentativa de demonstrar for\u00e7a diante da popula\u00e7\u00e3o e aliados. A tr\u00e9gua come\u00e7ou na madrugada desta ter\u00e7a-feira (24), em um\u00a0cessar-fogo costurado com a ajuda dos Estados Unidos e do Catar.<\/p>\n\n\n\n<p>Em um v\u00eddeo \u00e0 na\u00e7\u00e3o israelense, o primeiro-ministro Benjamin Netanyahu afirmou que o pa\u00eds obteve uma &#8220;vit\u00f3ria hist\u00f3rica&#8221; que ser\u00e1 lembrada por gera\u00e7\u00f5es.<\/p>\n\n\n\n<p>Netanyahu disse ainda que Israel precisa completar sua campanha contra o eixo iraniano, derrotando o Hamas e trazendo de volta os ref\u00e9ns mantidos pelo grupo na Faixa de Gaza.<\/p>\n\n\n\n<p>J\u00e1 o presidente iraniano, Masoud Pezeshkian, acusou Israel de iniciar a guerra, chamando o rival de &#8220;terrorista&#8221;. Segundo ele, o conflito foi encerrado com &#8220;sucesso&#8221; pelo Ir\u00e3, que teria alcan\u00e7ado uma &#8220;grande vit\u00f3ria&#8221;.<\/p>\n\n\n\n<p>Al\u00e9m disso, o Comando Militar do Ir\u00e3 divulgou um comunicado na imprensa estatal afirmando que Israel e EUA precisam aprender com os &#8220;golpes devastadores&#8221; conduzidos contra o territ\u00f3rio israelense e a base americana no Catar.<\/p>\n\n\n\n<p>A ofensiva entre os dois pa\u00edses come\u00e7ou em 13 de junho, quando Israel bombardeou estruturas nucleares do Ir\u00e3. Teer\u00e3 revidou atacando cidades israelenses. Dezenas de pessoas morreram e centenas ficaram feridas.<\/p>\n\n\n\n<p>O conflito escalou com a entrada dos Estados Unidos. No fim de semana, os norte-americanos bombardearam o Ir\u00e3 e disseram ter &#8220;obliterado&#8221; o programa nuclear do pa\u00eds. Na segunda-feira (23), o Ir\u00e3 respondeu com um ataque \u00e0 base americana de Al Udeid, no Catar.<\/p>\n\n\n\n<p>A resposta iraniana aos EUA, no entanto, foi considerada fraca pelo governo americano. Al\u00e9m disso, autoridades do Ir\u00e3 ouvidas pela imprensa internacional afirmaram que o pa\u00eds havia comunicado o Catar e os Estados Unidos sobre o ataque com horas de anteced\u00eancia.<\/p>\n","protected":false},"excerpt":{"rendered":"<p>Cessar-fogo come\u00e7ou na madrugada desta ter\u00e7a-feira (12). Em comunicados divulgados \u00e0 na\u00e7\u00e3o, lideran\u00e7as dos dois pa\u00edses tentam demonstrar for\u00e7a. Tanto\u00a0Ir\u00e3\u00a0quanto\u00a0Israel\u00a0declararam<\/p>\n","protected":false},"author":1,"featured_media":1151,"comment_status":"open","ping_status":"open","sticky":false,"template":"","format":"standard","meta":{"colormag_page_container_layout":"default_layout","colormag_page_sidebar_layout":"default_layout","footnotes":""},"categories":[1],"tags":[],"class_list":["post-1150","post","type-post","status-publish","format-standard","has-post-thumbnail","hentry","category-blog"],"aioseo_notices":[],"_links":{"self":[{"href":"https:\/\/noticiasrecentes.online\/index.php?rest_route=\/wp\/v2\/posts\/1150","targetHints":{"allow":["GET"]}}],"collection":[{"href":"https:\/\/noticiasrecentes.online\/index.php?rest_route=\/wp\/v2\/posts"}],"about":[{"href":"https:\/\/noticiasrecentes.online\/index.php?rest_route=\/wp\/v2\/types\/post"}],"author":[{"embeddable":true,"href":"https:\/\/noticiasrecentes.online\/index.php?rest_route=\/wp\/v2\/users\/1"}],"replies":[{"embeddable":true,"href":"https:\/\/noticiasrecentes.online\/index.php?rest_route=%2Fwp%2Fv2%2Fcomments&post=1150"}],"version-history":[{"count":1,"href":"https:\/\/noticiasrecentes.online\/index.php?rest_route=\/wp\/v2\/posts\/1150\/revisions"}],"predecessor-version":[{"id":1152,"href":"https:\/\/noticiasrecentes.online\/index.php?rest_route=\/wp\/v2\/posts\/1150\/revisions\/1152"}],"wp:featuredmedia":[{"embeddable":true,"href":"https:\/\/noticiasrecentes.online\/index.php?rest_route=\/wp\/v2\/media\/1151"}],"wp:attachment":[{"href":"https:\/\/noticiasrecentes.online\/index.php?rest_route=%2Fwp%2Fv2%2Fmedia&parent=1150"}],"wp:term":[{"taxonomy":"category","embeddable":true,"href":"https:\/\/noticiasrecentes.online\/index.php?rest_route=%2Fwp%2Fv2%2Fcategories&post=1150"},{"taxonomy":"post_tag","embeddable":true,"href":"https:\/\/noticiasrecentes.online\/index.php?rest_route=%2Fwp%2Fv2%2Ftags&post=1150"}],"curies":[{"name":"wp","href":"https:\/\/api.w.org\/{rel}","templated":true}]}}