{"id":1143,"date":"2025-04-25T15:05:51","date_gmt":"2025-04-25T18:05:51","guid":{"rendered":"https:\/\/noticiasrecentes.online\/?p=1143"},"modified":"2025-04-22T15:08:57","modified_gmt":"2025-04-22T18:08:57","slug":"dom-sergio-da-rocha-e-cardeal-brasileiro-com-mais-chances-de-ser-papa","status":"publish","type":"post","link":"https:\/\/noticiasrecentes.online\/?p=1143","title":{"rendered":"Dom S\u00e9rgio da Rocha \u00e9 cardeal brasileiro com mais chances de ser papa"},"content":{"rendered":"\n<p>Especialistas consultados pela CNN veem caminho dif\u00edcil para latino-americanos ap\u00f3s papa Francisco<\/p>\n\n\n\n<p>No in\u00edcio de maio, 135 cardeais eleitores se reunir\u00e3o na Capela Sistina, no Vaticano, para o conclave que eleger\u00e1 o pr\u00f3ximo papa.<\/p>\n\n\n\n<p><\/p>\n\n\n\n<p>Tecnicamente, qualquer homem cat\u00f3lico pode ser eleito, mas, desde 1379, o escolhido \u00e9 um cardeal \u2013&nbsp;<a href=\"https:\/\/www.cnnbrasil.com.br\/internacional\/quem-sao-os-cardeais-brasileiros-que-votam-no-conclave-e-podem-ser-papa\/\">e sete brasileiros v\u00e3o participar da vota\u00e7\u00e3o.<\/a><\/p>\n\n\n\n<p>A&nbsp;<strong>CNN<\/strong>&nbsp;consultou vaticanistas para entender quais as chances de um cardeal brasileiro&nbsp;<a href=\"https:\/\/www.cnnbrasil.com.br\/internacional\/conheca-quem-sao-os-cotados-para-ser-o-proximo-papa\/\">suceder o papa Francisco.<\/a><\/p>\n\n\n\n<p>Um especialista ouvido pela&nbsp;<strong>CNN<\/strong>, sob a condi\u00e7\u00e3o de anonimato, v\u00ea poucas chances de um brasileiro ser eleito. No entanto, ele v\u00ea Dom S\u00e9rgio da Rocha como aquele com maior potencial.<\/p>\n\n\n\n<p>\u201cSe fosse colocar um brasileiro [na lista de cotados] seria ele\u201d, relatou a fonte.<\/p>\n","protected":false},"excerpt":{"rendered":"<p>Especialistas consultados pela CNN veem caminho dif\u00edcil para latino-americanos ap\u00f3s papa Francisco No in\u00edcio de maio, 135 cardeais eleitores se<\/p>\n","protected":false},"author":1,"featured_media":1144,"comment_status":"open","ping_status":"open","sticky":false,"template":"","format":"standard","meta":{"colormag_page_container_layout":"default_layout","colormag_page_sidebar_layout":"default_layout","footnotes":""},"categories":[1],"tags":[],"class_list":["post-1143","post","type-post","status-publish","format-standard","has-post-thumbnail","hentry","category-blog"],"aioseo_notices":[],"_links":{"self":[{"href":"https:\/\/noticiasrecentes.online\/index.php?rest_route=\/wp\/v2\/posts\/1143","targetHints":{"allow":["GET"]}}],"collection":[{"href":"https:\/\/noticiasrecentes.online\/index.php?rest_route=\/wp\/v2\/posts"}],"about":[{"href":"https:\/\/noticiasrecentes.online\/index.php?rest_route=\/wp\/v2\/types\/post"}],"author":[{"embeddable":true,"href":"https:\/\/noticiasrecentes.online\/index.php?rest_route=\/wp\/v2\/users\/1"}],"replies":[{"embeddable":true,"href":"https:\/\/noticiasrecentes.online\/index.php?rest_route=%2Fwp%2Fv2%2Fcomments&post=1143"}],"version-history":[{"count":1,"href":"https:\/\/noticiasrecentes.online\/index.php?rest_route=\/wp\/v2\/posts\/1143\/revisions"}],"predecessor-version":[{"id":1145,"href":"https:\/\/noticiasrecentes.online\/index.php?rest_route=\/wp\/v2\/posts\/1143\/revisions\/1145"}],"wp:featuredmedia":[{"embeddable":true,"href":"https:\/\/noticiasrecentes.online\/index.php?rest_route=\/wp\/v2\/media\/1144"}],"wp:attachment":[{"href":"https:\/\/noticiasrecentes.online\/index.php?rest_route=%2Fwp%2Fv2%2Fmedia&parent=1143"}],"wp:term":[{"taxonomy":"category","embeddable":true,"href":"https:\/\/noticiasrecentes.online\/index.php?rest_route=%2Fwp%2Fv2%2Fcategories&post=1143"},{"taxonomy":"post_tag","embeddable":true,"href":"https:\/\/noticiasrecentes.online\/index.php?rest_route=%2Fwp%2Fv2%2Ftags&post=1143"}],"curies":[{"name":"wp","href":"https:\/\/api.w.org\/{rel}","templated":true}]}}