{"id":1140,"date":"2025-04-24T15:02:43","date_gmt":"2025-04-24T18:02:43","guid":{"rendered":"https:\/\/noticiasrecentes.online\/?p=1140"},"modified":"2025-04-22T15:04:48","modified_gmt":"2025-04-22T18:04:48","slug":"quem-e-o-enfermeiro-que-esteve-com-o-papa-francisco-antes-de-sua-morte","status":"publish","type":"post","link":"https:\/\/noticiasrecentes.online\/?p=1140","title":{"rendered":"Quem \u00e9 o enfermeiro que esteve com o papa Francisco antes de sua morte"},"content":{"rendered":"\n<p>O papa Francisco foi acompanhado por seu fiel escudeiro, o enfermeiro Massimiliano Strappetti, 53, em suas \u00faltimas horas de vida. &#8220;Obrigado por me trazer de volta \u00e0 pra\u00e7a [S\u00e3o Pedro]&#8221;, disse o papa a Massimiliano, horas antes de morrer<\/p>\n\n\n\n<p>O que aconteceu<br>Gratid\u00e3o antes de morrer. Francisco agradeceu ao enfermeiro por incentiv\u00e1-lo a ter um \u00faltimo encontro com a multid\u00e3o a bordo do papam\u00f3vel no domingo de P\u00e1scoa, horas antes de sua morte.<\/p>\n\n\n\n<p>&#8220;Acredita que eu posso fazer?&#8221;, perguntou o pont\u00edfice. Strappetti o tranquilizou, e o papa percorreu durante quase 15 minutos a pra\u00e7a, aben\u00e7oando v\u00e1rios beb\u00eas no caminho<\/p>\n\n\n\n<p><\/p>\n","protected":false},"excerpt":{"rendered":"<p>O papa Francisco foi acompanhado por seu fiel escudeiro, o enfermeiro Massimiliano Strappetti, 53, em suas \u00faltimas horas de vida.<\/p>\n","protected":false},"author":1,"featured_media":1141,"comment_status":"open","ping_status":"open","sticky":false,"template":"","format":"standard","meta":{"colormag_page_container_layout":"default_layout","colormag_page_sidebar_layout":"default_layout","footnotes":""},"categories":[1],"tags":[],"class_list":["post-1140","post","type-post","status-publish","format-standard","has-post-thumbnail","hentry","category-blog"],"aioseo_notices":[],"_links":{"self":[{"href":"https:\/\/noticiasrecentes.online\/index.php?rest_route=\/wp\/v2\/posts\/1140","targetHints":{"allow":["GET"]}}],"collection":[{"href":"https:\/\/noticiasrecentes.online\/index.php?rest_route=\/wp\/v2\/posts"}],"about":[{"href":"https:\/\/noticiasrecentes.online\/index.php?rest_route=\/wp\/v2\/types\/post"}],"author":[{"embeddable":true,"href":"https:\/\/noticiasrecentes.online\/index.php?rest_route=\/wp\/v2\/users\/1"}],"replies":[{"embeddable":true,"href":"https:\/\/noticiasrecentes.online\/index.php?rest_route=%2Fwp%2Fv2%2Fcomments&post=1140"}],"version-history":[{"count":1,"href":"https:\/\/noticiasrecentes.online\/index.php?rest_route=\/wp\/v2\/posts\/1140\/revisions"}],"predecessor-version":[{"id":1142,"href":"https:\/\/noticiasrecentes.online\/index.php?rest_route=\/wp\/v2\/posts\/1140\/revisions\/1142"}],"wp:featuredmedia":[{"embeddable":true,"href":"https:\/\/noticiasrecentes.online\/index.php?rest_route=\/wp\/v2\/media\/1141"}],"wp:attachment":[{"href":"https:\/\/noticiasrecentes.online\/index.php?rest_route=%2Fwp%2Fv2%2Fmedia&parent=1140"}],"wp:term":[{"taxonomy":"category","embeddable":true,"href":"https:\/\/noticiasrecentes.online\/index.php?rest_route=%2Fwp%2Fv2%2Fcategories&post=1140"},{"taxonomy":"post_tag","embeddable":true,"href":"https:\/\/noticiasrecentes.online\/index.php?rest_route=%2Fwp%2Fv2%2Ftags&post=1140"}],"curies":[{"name":"wp","href":"https:\/\/api.w.org\/{rel}","templated":true}]}}