{"id":1137,"date":"2025-04-23T15:00:32","date_gmt":"2025-04-23T18:00:32","guid":{"rendered":"https:\/\/noticiasrecentes.online\/?p=1137"},"modified":"2025-04-22T15:02:30","modified_gmt":"2025-04-22T18:02:30","slug":"governo-comeca-a-retirar-familias-da-favela-do-moinho-no-centro-de-sp","status":"publish","type":"post","link":"https:\/\/noticiasrecentes.online\/?p=1137","title":{"rendered":"Governo come\u00e7a a retirar fam\u00edlias da Favela do Moinho, no centro de SP"},"content":{"rendered":"\n<p>Moradores da comunidade realizam uma manifesta\u00e7\u00e3o nesta ter\u00e7a-feira (22) contra a demoli\u00e7\u00e3o de casas no local\u00a0<\/p>\n\n\n\n<p>Ao todo, 11 fam\u00edlias participam da desocupa\u00e7\u00e3o nesta manh\u00e3. Os moradores da Favela do Moinho t\u00eam realizado uma s\u00e9rie de manifesta\u00e7\u00f5es contra a demoli\u00e7\u00e3o de casas no local. Em 18 de abril, houve um protesto contra a presen\u00e7a de agentes da PM no local.<\/p>\n\n\n\n<p>Lideran\u00e7as contr\u00e1rias \u00e0 desocupa\u00e7\u00e3o realizam um ato na manh\u00e3 desta ter\u00e7a-feira (22), durante a sa\u00edda das fam\u00edlias.<\/p>\n\n\n\n<p>Uma moradora, que possui um pequeno com\u00e9rcio na regi\u00e3o e optou por n\u00e3o se identificar, disse \u00e0 CNN que o governo quer retirar as pessoas que vivem na comunidade \u00e0 for\u00e7a.<\/p>\n\n\n\n<p>\u201cQuerem tirar todo mundo \u00e0 for\u00e7a. Nossos filhos nasceram e se criaram aqui. A pol\u00edcia faz muita barbaridade quando entra. Vivemos amea\u00e7ados. N\u00e3o podemos pagar por um aluguel porque \u00e9 muito caro. Se moramos aqui, \u00e9 porque n\u00e3o temos condi\u00e7\u00f5es de um lugar melhor\u201d, afirmou.<\/p>\n","protected":false},"excerpt":{"rendered":"<p>Moradores da comunidade realizam uma manifesta\u00e7\u00e3o nesta ter\u00e7a-feira (22) contra a demoli\u00e7\u00e3o de casas no local\u00a0 Ao todo, 11 fam\u00edlias<\/p>\n","protected":false},"author":1,"featured_media":1138,"comment_status":"open","ping_status":"open","sticky":false,"template":"","format":"standard","meta":{"colormag_page_container_layout":"default_layout","colormag_page_sidebar_layout":"default_layout","footnotes":""},"categories":[1],"tags":[],"class_list":["post-1137","post","type-post","status-publish","format-standard","has-post-thumbnail","hentry","category-blog"],"aioseo_notices":[],"_links":{"self":[{"href":"https:\/\/noticiasrecentes.online\/index.php?rest_route=\/wp\/v2\/posts\/1137","targetHints":{"allow":["GET"]}}],"collection":[{"href":"https:\/\/noticiasrecentes.online\/index.php?rest_route=\/wp\/v2\/posts"}],"about":[{"href":"https:\/\/noticiasrecentes.online\/index.php?rest_route=\/wp\/v2\/types\/post"}],"author":[{"embeddable":true,"href":"https:\/\/noticiasrecentes.online\/index.php?rest_route=\/wp\/v2\/users\/1"}],"replies":[{"embeddable":true,"href":"https:\/\/noticiasrecentes.online\/index.php?rest_route=%2Fwp%2Fv2%2Fcomments&post=1137"}],"version-history":[{"count":1,"href":"https:\/\/noticiasrecentes.online\/index.php?rest_route=\/wp\/v2\/posts\/1137\/revisions"}],"predecessor-version":[{"id":1139,"href":"https:\/\/noticiasrecentes.online\/index.php?rest_route=\/wp\/v2\/posts\/1137\/revisions\/1139"}],"wp:featuredmedia":[{"embeddable":true,"href":"https:\/\/noticiasrecentes.online\/index.php?rest_route=\/wp\/v2\/media\/1138"}],"wp:attachment":[{"href":"https:\/\/noticiasrecentes.online\/index.php?rest_route=%2Fwp%2Fv2%2Fmedia&parent=1137"}],"wp:term":[{"taxonomy":"category","embeddable":true,"href":"https:\/\/noticiasrecentes.online\/index.php?rest_route=%2Fwp%2Fv2%2Fcategories&post=1137"},{"taxonomy":"post_tag","embeddable":true,"href":"https:\/\/noticiasrecentes.online\/index.php?rest_route=%2Fwp%2Fv2%2Ftags&post=1137"}],"curies":[{"name":"wp","href":"https:\/\/api.w.org\/{rel}","templated":true}]}}