{"id":1134,"date":"2025-04-22T15:00:03","date_gmt":"2025-04-22T18:00:03","guid":{"rendered":"https:\/\/noticiasrecentes.online\/?p=1134"},"modified":"2025-04-22T15:00:04","modified_gmt":"2025-04-22T18:00:04","slug":"simbologia-da-primeira-foto-divulgada-do-corpo-do-papa-francisco","status":"publish","type":"post","link":"https:\/\/noticiasrecentes.online\/?p=1134","title":{"rendered":"Simbologia da primeira foto divulgada do corpo do papa Francisco"},"content":{"rendered":"\n<p>O&nbsp;<a class=\"\" href=\"https:\/\/g1.globo.com\/tudo-sobre\/vaticano\/\">Vaticano<\/a>&nbsp;divulgou nesta ter\u00e7a-feira (22) as primeiras imagens do&nbsp;<a class=\"\" href=\"https:\/\/g1.globo.com\/tudo-sobre\/papa-francisco\/\">papa Francisco<\/a>&nbsp;no caix\u00e3o. As fotos foram feitas na capela da Casa de Santa Marta, onde viveu o pont\u00edfice.<\/p>\n\n\n\n<p>Em uma das fotos&nbsp;<strong>(veja acima)<\/strong>, \u00e9 poss\u00edvel ver diversos elementos lit\u00fargicos e pr\u00f3prios da Igreja Cat\u00f3lica. Entenda o que \u00e9 cada um deles e simbologia da imagem:<\/p>\n\n\n\n<ul class=\"wp-block-list\">\n<li><strong>Caix\u00e3o do papa:\u00a0<\/strong>feito de madeira e com revestimento de zinco;<\/li>\n\n\n\n<li><strong>Casula:\u00a0<\/strong>veste lit\u00fargica do papa Francisco;<\/li>\n\n\n\n<li><strong>Mitra:\u00a0<\/strong>chap\u00e9u do papa;<\/li>\n\n\n\n<li><strong>Na m\u00e3o do papa:\u00a0<\/strong>um ter\u00e7o e seu anel de bispo;<\/li>\n\n\n\n<li><strong>Padre pr\u00f3ximo ao caix\u00e3o:\u00a0<\/strong>secret\u00e1rio de Estado do Vaticano, cardeal Pietro Parolin, reza ao lado de Francisco;<\/li>\n\n\n\n<li><strong>Soldado em p\u00e9:\u00a0<\/strong>Guarda su\u00ed\u00e7a, respons\u00e1vel pela seguran\u00e7a do papa;<\/li>\n\n\n\n<li><strong>Local do vel\u00f3rio:\u00a0<\/strong>Capela da Casa de Santa Marta, resid\u00eancia oficial do papa.<\/li>\n<\/ul>\n","protected":false},"excerpt":{"rendered":"<p>O&nbsp;Vaticano&nbsp;divulgou nesta ter\u00e7a-feira (22) as primeiras imagens do&nbsp;papa Francisco&nbsp;no caix\u00e3o. As fotos foram feitas na capela da Casa de Santa<\/p>\n","protected":false},"author":1,"featured_media":1135,"comment_status":"open","ping_status":"open","sticky":false,"template":"","format":"standard","meta":{"colormag_page_container_layout":"default_layout","colormag_page_sidebar_layout":"default_layout","footnotes":""},"categories":[1],"tags":[],"class_list":["post-1134","post","type-post","status-publish","format-standard","has-post-thumbnail","hentry","category-blog"],"aioseo_notices":[],"_links":{"self":[{"href":"https:\/\/noticiasrecentes.online\/index.php?rest_route=\/wp\/v2\/posts\/1134","targetHints":{"allow":["GET"]}}],"collection":[{"href":"https:\/\/noticiasrecentes.online\/index.php?rest_route=\/wp\/v2\/posts"}],"about":[{"href":"https:\/\/noticiasrecentes.online\/index.php?rest_route=\/wp\/v2\/types\/post"}],"author":[{"embeddable":true,"href":"https:\/\/noticiasrecentes.online\/index.php?rest_route=\/wp\/v2\/users\/1"}],"replies":[{"embeddable":true,"href":"https:\/\/noticiasrecentes.online\/index.php?rest_route=%2Fwp%2Fv2%2Fcomments&post=1134"}],"version-history":[{"count":1,"href":"https:\/\/noticiasrecentes.online\/index.php?rest_route=\/wp\/v2\/posts\/1134\/revisions"}],"predecessor-version":[{"id":1136,"href":"https:\/\/noticiasrecentes.online\/index.php?rest_route=\/wp\/v2\/posts\/1134\/revisions\/1136"}],"wp:featuredmedia":[{"embeddable":true,"href":"https:\/\/noticiasrecentes.online\/index.php?rest_route=\/wp\/v2\/media\/1135"}],"wp:attachment":[{"href":"https:\/\/noticiasrecentes.online\/index.php?rest_route=%2Fwp%2Fv2%2Fmedia&parent=1134"}],"wp:term":[{"taxonomy":"category","embeddable":true,"href":"https:\/\/noticiasrecentes.online\/index.php?rest_route=%2Fwp%2Fv2%2Fcategories&post=1134"},{"taxonomy":"post_tag","embeddable":true,"href":"https:\/\/noticiasrecentes.online\/index.php?rest_route=%2Fwp%2Fv2%2Ftags&post=1134"}],"curies":[{"name":"wp","href":"https:\/\/api.w.org\/{rel}","templated":true}]}}