{"id":1129,"date":"2025-03-16T15:38:14","date_gmt":"2025-03-16T18:38:14","guid":{"rendered":"https:\/\/noticiasrecentes.online\/?p=1129"},"modified":"2025-03-12T15:40:04","modified_gmt":"2025-03-12T18:40:04","slug":"caso-vitoria-veja-quais-sao-as-provas-colhidas-ate-agora-pela-policia","status":"publish","type":"post","link":"https:\/\/noticiasrecentes.online\/?p=1129","title":{"rendered":"Caso Vit\u00f3ria: Veja quais s\u00e3o as provas colhidas at\u00e9 agora pela pol\u00edcia"},"content":{"rendered":"\n<p>Localiza\u00e7\u00e3o de suspeitos pr\u00f3ximos \u00e0 v\u00edtima,\u00a0sangue encontrado em ve\u00edculo,\u00a0contradi\u00e7\u00f5es em depoimentos\u00a0e\u00a0imagens de dispositivos m\u00f3veis s\u00e3o algumas das evid\u00eancias que auxiliam na investiga\u00e7\u00e3o<\/p>\n\n\n\n<p>A\u00a0<strong>Pol\u00edcia Civil<\/strong>\u00a0re\u00fane\u00a0<strong>provas\u00a0e\u00a0evid\u00eancias<\/strong>\u00a0no caso da morte da jovem\u00a0<a href=\"https:\/\/www.cnnbrasil.com.br\/nacional\/sudeste\/sp\/caso-vitoria-saiba-qual-e-a-relacao-entre-suspeitos-e-vitima\/\"><strong>Vit\u00f3ria Regina Sousa<\/strong><\/a>, buscando esclarecer a din\u00e2mica do\u00a0<strong>crime<\/strong>, identificar os autores e a motiva\u00e7\u00e3o.\u00a0<\/p>\n\n\n\n<p><strong>Localiza\u00e7\u00e3o de suspeitos pr\u00f3ximos \u00e0 v\u00edtima<\/strong>,&nbsp;<strong>sangue encontrado em ve\u00edculo e em casa de suspeito<\/strong>,&nbsp;<strong>contradi\u00e7\u00f5es em depoimentos<\/strong>&nbsp;e&nbsp;<strong>imagens de dispositivos m\u00f3veis<\/strong>&nbsp;s\u00e3o algumas das evid\u00eancias que auxiliam na produ\u00e7\u00e3o de provas durante as investiga\u00e7\u00f5es.<\/p>\n\n\n\n<p>Nesta ter\u00e7a-feira (11), peritos do Instituto de Criminalistica (IC)&nbsp;<strong><a href=\"https:\/\/www.cnnbrasil.com.br\/blogs\/pedro-duran\/nacional\/sudeste\/sp\/caso-vitoria-policia-acha-sangue-em-possivel-cativeiro\/\">encontraram vest\u00edgios de sangue na casa do suspeito preso pelo crime<\/a><\/strong>. Os laudos periciais do IC e do IML est\u00e3o em andamento para confirmar se o sangue \u00e9 de Vit\u00f3ria.<\/p>\n","protected":false},"excerpt":{"rendered":"<p>Localiza\u00e7\u00e3o de suspeitos pr\u00f3ximos \u00e0 v\u00edtima,\u00a0sangue encontrado em ve\u00edculo,\u00a0contradi\u00e7\u00f5es em depoimentos\u00a0e\u00a0imagens de dispositivos m\u00f3veis s\u00e3o algumas das evid\u00eancias que auxiliam<\/p>\n","protected":false},"author":1,"featured_media":1130,"comment_status":"open","ping_status":"open","sticky":false,"template":"","format":"standard","meta":{"colormag_page_container_layout":"default_layout","colormag_page_sidebar_layout":"default_layout","footnotes":""},"categories":[1],"tags":[],"class_list":["post-1129","post","type-post","status-publish","format-standard","has-post-thumbnail","hentry","category-blog"],"aioseo_notices":[],"_links":{"self":[{"href":"https:\/\/noticiasrecentes.online\/index.php?rest_route=\/wp\/v2\/posts\/1129","targetHints":{"allow":["GET"]}}],"collection":[{"href":"https:\/\/noticiasrecentes.online\/index.php?rest_route=\/wp\/v2\/posts"}],"about":[{"href":"https:\/\/noticiasrecentes.online\/index.php?rest_route=\/wp\/v2\/types\/post"}],"author":[{"embeddable":true,"href":"https:\/\/noticiasrecentes.online\/index.php?rest_route=\/wp\/v2\/users\/1"}],"replies":[{"embeddable":true,"href":"https:\/\/noticiasrecentes.online\/index.php?rest_route=%2Fwp%2Fv2%2Fcomments&post=1129"}],"version-history":[{"count":1,"href":"https:\/\/noticiasrecentes.online\/index.php?rest_route=\/wp\/v2\/posts\/1129\/revisions"}],"predecessor-version":[{"id":1131,"href":"https:\/\/noticiasrecentes.online\/index.php?rest_route=\/wp\/v2\/posts\/1129\/revisions\/1131"}],"wp:featuredmedia":[{"embeddable":true,"href":"https:\/\/noticiasrecentes.online\/index.php?rest_route=\/wp\/v2\/media\/1130"}],"wp:attachment":[{"href":"https:\/\/noticiasrecentes.online\/index.php?rest_route=%2Fwp%2Fv2%2Fmedia&parent=1129"}],"wp:term":[{"taxonomy":"category","embeddable":true,"href":"https:\/\/noticiasrecentes.online\/index.php?rest_route=%2Fwp%2Fv2%2Fcategories&post=1129"},{"taxonomy":"post_tag","embeddable":true,"href":"https:\/\/noticiasrecentes.online\/index.php?rest_route=%2Fwp%2Fv2%2Ftags&post=1129"}],"curies":[{"name":"wp","href":"https:\/\/api.w.org\/{rel}","templated":true}]}}