{"id":1115,"date":"2025-03-12T15:23:44","date_gmt":"2025-03-12T18:23:44","guid":{"rendered":"https:\/\/noticiasrecentes.online\/?p=1115"},"modified":"2025-03-12T15:23:44","modified_gmt":"2025-03-12T18:23:44","slug":"por-enquanto-eu-sou-candidato-diz-bolsonaro","status":"publish","type":"post","link":"https:\/\/noticiasrecentes.online\/?p=1115","title":{"rendered":"\u201cPor enquanto, eu sou candidato\u201d, diz Bolsonaro"},"content":{"rendered":"\n<p>Ex-presidente se encontrou pela primeira vez com Valdemar Costa Neto ap\u00f3s decis\u00e3o de Alexandre de Moraes<\/p>\n\n\n\n<p>\u00a0ex-presidente da Rep\u00fablica Jair Bolsonaro (PL) disse nesta quarta-feira (12) que ele se mant\u00e9m, por enquanto, como candidato \u00e0 presid\u00eancia em 2026. Apesar da declara\u00e7\u00e3o, Bolsonaro est\u00e1 ineleg\u00edvel at\u00e9 20230, por abuso de poder pol\u00edtico e uso indevido de meios de comunica\u00e7\u00e3o.<\/p>\n\n\n\n<p>\u201cPor enquanto, eu sou candidato. Os outros candidatos por a\u00ed, Gusttavo Lima, [Ronaldo] Caiado, [Romeu] Zema, eles t\u00eam seus partidos. Eu acho at\u00e9 que seria bom seus partidos lan\u00e7arem seus candidatos. Num segundo turno, os partidos se unem, um dos dois que passaram para o segundo turno. Seria o melhor a se fazer\u201d, afirmou ao lado do presidente do PL, Valdemar Costa Neto.<\/p>\n\n\n\n<p>Ex-presidente destacou ainda que a den\u00fancia da Procuradoria-Geral da Rep\u00fablica (PGR) tem \u201cacusa\u00e7\u00f5es completamente infundadas\u201d.<\/p>\n\n\n\n<p>\u201cQuerem me tirar do cen\u00e1rio pol\u00edtico do ano que vem\u201d, afirmou Bolsonaro.<\/p>\n\n\n\n<p>Revoga\u00e7\u00e3o de medidas<br>O ministro Alexandre de Moraes atendeu aos pedidos da defesa de Valdemar Costa Neto e revogou as medidas cautelares contra o presidente do PL, na \u00faltima ter\u00e7a-feira (11). Com a decis\u00e3o, Valdemar p\u00f4de retomar o contato com Jair Bolsonaro e militares, al\u00e9m de recuperar o passaporte e a permiss\u00e3o para sair do pa\u00eds. Os bens apreendidos tamb\u00e9m ser\u00e3o devolvidos.<\/p>\n","protected":false},"excerpt":{"rendered":"<p>Ex-presidente se encontrou pela primeira vez com Valdemar Costa Neto ap\u00f3s decis\u00e3o de Alexandre de Moraes \u00a0ex-presidente da Rep\u00fablica Jair<\/p>\n","protected":false},"author":1,"featured_media":1116,"comment_status":"open","ping_status":"open","sticky":false,"template":"","format":"standard","meta":{"colormag_page_container_layout":"default_layout","colormag_page_sidebar_layout":"default_layout","footnotes":""},"categories":[1],"tags":[],"class_list":["post-1115","post","type-post","status-publish","format-standard","has-post-thumbnail","hentry","category-blog"],"aioseo_notices":[],"_links":{"self":[{"href":"https:\/\/noticiasrecentes.online\/index.php?rest_route=\/wp\/v2\/posts\/1115","targetHints":{"allow":["GET"]}}],"collection":[{"href":"https:\/\/noticiasrecentes.online\/index.php?rest_route=\/wp\/v2\/posts"}],"about":[{"href":"https:\/\/noticiasrecentes.online\/index.php?rest_route=\/wp\/v2\/types\/post"}],"author":[{"embeddable":true,"href":"https:\/\/noticiasrecentes.online\/index.php?rest_route=\/wp\/v2\/users\/1"}],"replies":[{"embeddable":true,"href":"https:\/\/noticiasrecentes.online\/index.php?rest_route=%2Fwp%2Fv2%2Fcomments&post=1115"}],"version-history":[{"count":1,"href":"https:\/\/noticiasrecentes.online\/index.php?rest_route=\/wp\/v2\/posts\/1115\/revisions"}],"predecessor-version":[{"id":1117,"href":"https:\/\/noticiasrecentes.online\/index.php?rest_route=\/wp\/v2\/posts\/1115\/revisions\/1117"}],"wp:featuredmedia":[{"embeddable":true,"href":"https:\/\/noticiasrecentes.online\/index.php?rest_route=\/wp\/v2\/media\/1116"}],"wp:attachment":[{"href":"https:\/\/noticiasrecentes.online\/index.php?rest_route=%2Fwp%2Fv2%2Fmedia&parent=1115"}],"wp:term":[{"taxonomy":"category","embeddable":true,"href":"https:\/\/noticiasrecentes.online\/index.php?rest_route=%2Fwp%2Fv2%2Fcategories&post=1115"},{"taxonomy":"post_tag","embeddable":true,"href":"https:\/\/noticiasrecentes.online\/index.php?rest_route=%2Fwp%2Fv2%2Ftags&post=1115"}],"curies":[{"name":"wp","href":"https:\/\/api.w.org\/{rel}","templated":true}]}}