{"id":1104,"date":"2025-02-26T16:05:12","date_gmt":"2025-02-26T19:05:12","guid":{"rendered":"https:\/\/noticiasrecentes.online\/?p=1104"},"modified":"2025-02-26T16:05:13","modified_gmt":"2025-02-26T19:05:13","slug":"saque-aniversario-do-fgts-entenda-o-que-muda-com-as-novas-regras-anunciadas-pelo-governo","status":"publish","type":"post","link":"https:\/\/noticiasrecentes.online\/?p=1104","title":{"rendered":"Saque-anivers\u00e1rio do FGTS: entenda o que muda com as novas regras anunciadas pelo governo"},"content":{"rendered":"\n<p>Altera\u00e7\u00f5es foram anunciadas pelo Minist\u00e9rio do Trabalho, em um momento delicado para o governo, que enfrenta uma queda na popularidade do presidente Lula.<\/p>\n\n\n\n<p>O governo federal anunciou uma mudan\u00e7a tempor\u00e1ria nas regras para quem optou pelo saque-anivers\u00e1rio do Fundo de Garantia por Tempo de Servi\u00e7o (FGTS).\u00a0<\/p>\n\n\n\n<p>A medida completa ser\u00e1 publicada na sexta-feira (28), mas j\u00e1 se sabe que vai liberar o saldo do fundo\u00a0para os trabalhadores do saque-anivers\u00e1rio demitidos de janeiro de 2020 para c\u00e1.\u00a0<\/p>\n\n\n\n<p>Pela regra original, o trabalhador que optou pela modalidade e foi demitido sem justa causa s\u00f3 recebe a multa rescis\u00f3ria de 40%, e n\u00e3o pode acessar o valor total dispon\u00edvel no FGTS.&nbsp;<\/p>\n\n\n\n<p>A nova medida vai beneficiar 12,1 milh\u00f5es de pessoas, que receber\u00e3o R$ 12 bilh\u00f5es. Os valores ser\u00e3o creditados automaticamente na conta cadastrada no FGTS, em duas etapas:<\/p>\n\n\n\n<h2 class=\"wp-block-heading\">Quais s\u00e3o as regras de saque do Fundo de Garantia?<\/h2>\n\n\n\n<p>Atualmente, existem duas modalidades de saque permitidas do FGTS:&nbsp;<\/p>\n\n\n\n<ul class=\"wp-block-list\">\n<li>\ud83d\udcb0\u00a0<strong>Saque-rescis\u00e3o<\/strong><\/li>\n<\/ul>\n\n\n\n<p>Dispon\u00edvel h\u00e1 mais de 30 anos, o saque-rescis\u00e3o permite que o trabalhador saque integralmente os recursos da sua conta do FGTS quando \u00e9 demitido sem justa causa. O valor inclui a multa rescis\u00f3ria, e \u00e9 a modalidade padr\u00e3o pela qual o trabalhador ingressa no fundo.&nbsp;<\/p>\n\n\n\n<ul class=\"wp-block-list\">\n<li>\ud83c\udf82<strong>Saque-anivers\u00e1rio<\/strong><\/li>\n<\/ul>\n\n\n\n<p>V\u00e1lido desde 2020, o saque-anivers\u00e1rio permite que o trabalhador saque parte do saldo anualmente, no m\u00eas do seu anivers\u00e1rio. Essa modalidade \u00e9 opcional e o trabalhador precisa solicitar a ades\u00e3o. O percentual dispon\u00edvel para saque varia entre 5% e 50% do saldo do fundo, al\u00e9m de uma parcela adicional.&nbsp;<\/p>\n\n\n\n<h2 class=\"wp-block-heading\">O que muda com a nova medida?&nbsp;<\/h2>\n\n\n\n<p>A nova medida anunciada permite&nbsp;que os trabalhadores que optam pelo saque-anivers\u00e1rio possam sacar o valor total&nbsp;dispon\u00edvel no fundo de garantia, desde que tenham sido demitidos de janeiro de 2020 para c\u00e1.&nbsp;<\/p>\n\n\n\n<ul class=\"wp-block-list\">\n<li><strong>\ud83e\uddd0 Como era?\u00a0<\/strong><\/li>\n<\/ul>\n\n\n\n<p>Pela regra anterior, o trabalhador que optava pelo saque-anivers\u00e1rio s\u00f3 podia sacar o valor referente \u00e0 multa rescis\u00f3ria de 40% sobre o saldo do fundo. O valor restante ficava retido na conta para ser retirado nos saques-anivers\u00e1rios futuros. O trabalhador pode at\u00e9 solicitar a volta para a modalidade do saque-rescis\u00e3o, mas a mudan\u00e7a s\u00f3 \u00e9 efetivada depois de dois anos.<\/p>\n","protected":false},"excerpt":{"rendered":"<p>Altera\u00e7\u00f5es foram anunciadas pelo Minist\u00e9rio do Trabalho, em um momento delicado para o governo, que enfrenta uma queda na popularidade<\/p>\n","protected":false},"author":1,"featured_media":1105,"comment_status":"open","ping_status":"open","sticky":false,"template":"","format":"standard","meta":{"colormag_page_container_layout":"default_layout","colormag_page_sidebar_layout":"default_layout","footnotes":""},"categories":[2,3,10,17,18],"tags":[],"class_list":["post-1104","post","type-post","status-publish","format-standard","has-post-thumbnail","hentry","category-actualidad","category-caixa-tem","category-economia","category-financas","category-financas-pessoais"],"aioseo_notices":[],"_links":{"self":[{"href":"https:\/\/noticiasrecentes.online\/index.php?rest_route=\/wp\/v2\/posts\/1104","targetHints":{"allow":["GET"]}}],"collection":[{"href":"https:\/\/noticiasrecentes.online\/index.php?rest_route=\/wp\/v2\/posts"}],"about":[{"href":"https:\/\/noticiasrecentes.online\/index.php?rest_route=\/wp\/v2\/types\/post"}],"author":[{"embeddable":true,"href":"https:\/\/noticiasrecentes.online\/index.php?rest_route=\/wp\/v2\/users\/1"}],"replies":[{"embeddable":true,"href":"https:\/\/noticiasrecentes.online\/index.php?rest_route=%2Fwp%2Fv2%2Fcomments&post=1104"}],"version-history":[{"count":1,"href":"https:\/\/noticiasrecentes.online\/index.php?rest_route=\/wp\/v2\/posts\/1104\/revisions"}],"predecessor-version":[{"id":1106,"href":"https:\/\/noticiasrecentes.online\/index.php?rest_route=\/wp\/v2\/posts\/1104\/revisions\/1106"}],"wp:featuredmedia":[{"embeddable":true,"href":"https:\/\/noticiasrecentes.online\/index.php?rest_route=\/wp\/v2\/media\/1105"}],"wp:attachment":[{"href":"https:\/\/noticiasrecentes.online\/index.php?rest_route=%2Fwp%2Fv2%2Fmedia&parent=1104"}],"wp:term":[{"taxonomy":"category","embeddable":true,"href":"https:\/\/noticiasrecentes.online\/index.php?rest_route=%2Fwp%2Fv2%2Fcategories&post=1104"},{"taxonomy":"post_tag","embeddable":true,"href":"https:\/\/noticiasrecentes.online\/index.php?rest_route=%2Fwp%2Fv2%2Ftags&post=1104"}],"curies":[{"name":"wp","href":"https:\/\/api.w.org\/{rel}","templated":true}]}}